{"id":290,"date":"2015-03-13T15:52:42","date_gmt":"2015-03-13T19:52:42","guid":{"rendered":"http:\/\/www.frederiquemelonbijoux.fr\/?p=290"},"modified":"2015-03-13T15:54:48","modified_gmt":"2015-03-13T19:54:48","slug":"la-dentelle-2","status":"publish","type":"post","link":"https:\/\/www.frederiquemelon.lautre.net\/?p=290","title":{"rendered":"La dentelle"},"content":{"rendered":"<p><a href=\"http:\/\/www.frederiquemelonbijoux.fr\/wp-content\/uploads\/2013\/06\/collier-cravate-dentelle-2000.jpg\"><img loading=\"lazy\" decoding=\"async\" class=\"alignnone size-thumbnail wp-image-109\" alt=\"collier cravate dentelle 2000\" src=\"http:\/\/www.frederiquemelonbijoux.fr\/wp-content\/uploads\/2013\/06\/collier-cravate-dentelle-2000-150x150.jpg\" width=\"150\" height=\"150\" \/><\/a><\/p>\n<p><a href=\"http:\/\/www.frederiquemelonbijoux.fr\/wp-content\/uploads\/2013\/06\/collier-tiss\u00e9-\u00e0-la-mani\u00e8re-Masa\u00ef-2000.jpg\"><img loading=\"lazy\" decoding=\"async\" class=\"alignnone size-thumbnail wp-image-111\" alt=\"collier tiss\u00e9 \u00e0 la mani\u00e8re Masa\u00ef 2000\" src=\"http:\/\/www.frederiquemelonbijoux.fr\/wp-content\/uploads\/2013\/06\/collier-tiss\u00e9-\u00e0-la-mani\u00e8re-Masa\u00ef-2000-150x150.jpg\" width=\"150\" height=\"150\" \/><\/a><\/p>\n<p><a href=\"http:\/\/www.frederiquemelonbijoux.fr\/wp-content\/uploads\/2013\/06\/Collier-tiss\u00e9-\u00e0-la-mani\u00e8re-Dinkha-2000.jpg\"><img loading=\"lazy\" decoding=\"async\" class=\"alignnone size-thumbnail wp-image-110\" alt=\"Collier tiss\u00e9 \u00e0 la mani\u00e8re Dinkha 2000\" src=\"http:\/\/www.frederiquemelonbijoux.fr\/wp-content\/uploads\/2013\/06\/Collier-tiss\u00e9-\u00e0-la-mani\u00e8re-Dinkha-2000-150x150.jpg\" width=\"150\" height=\"150\" \/><\/a><\/p>\n","protected":false},"excerpt":{"rendered":"","protected":false},"author":1,"featured_media":112,"comment_status":"closed","ping_status":"closed","sticky":false,"template":"","format":"standard","meta":{"footnotes":""},"categories":[1],"tags":[],"_links":{"self":[{"href":"https:\/\/www.frederiquemelon.lautre.net\/index.php?rest_route=\/wp\/v2\/posts\/290"}],"collection":[{"href":"https:\/\/www.frederiquemelon.lautre.net\/index.php?rest_route=\/wp\/v2\/posts"}],"about":[{"href":"https:\/\/www.frederiquemelon.lautre.net\/index.php?rest_route=\/wp\/v2\/types\/post"}],"author":[{"embeddable":true,"href":"https:\/\/www.frederiquemelon.lautre.net\/index.php?rest_route=\/wp\/v2\/users\/1"}],"replies":[{"embeddable":true,"href":"https:\/\/www.frederiquemelon.lautre.net\/index.php?rest_route=%2Fwp%2Fv2%2Fcomments&post=290"}],"version-history":[{"count":1,"href":"https:\/\/www.frederiquemelon.lautre.net\/index.php?rest_route=\/wp\/v2\/posts\/290\/revisions"}],"predecessor-version":[{"id":291,"href":"https:\/\/www.frederiquemelon.lautre.net\/index.php?rest_route=\/wp\/v2\/posts\/290\/revisions\/291"}],"wp:featuredmedia":[{"embeddable":true,"href":"https:\/\/www.frederiquemelon.lautre.net\/index.php?rest_route=\/wp\/v2\/media\/112"}],"wp:attachment":[{"href":"https:\/\/www.frederiquemelon.lautre.net\/index.php?rest_route=%2Fwp%2Fv2%2Fmedia&parent=290"}],"wp:term":[{"taxonomy":"category","embeddable":true,"href":"https:\/\/www.frederiquemelon.lautre.net\/index.php?rest_route=%2Fwp%2Fv2%2Fcategories&post=290"},{"taxonomy":"post_tag","embeddable":true,"href":"https:\/\/www.frederiquemelon.lautre.net\/index.php?rest_route=%2Fwp%2Fv2%2Ftags&post=290"}],"curies":[{"name":"wp","href":"https:\/\/api.w.org\/{rel}","templated":true}]}}